{"id":438,"date":"2024-01-20T14:26:59","date_gmt":"2024-01-20T13:26:59","guid":{"rendered":"https:\/\/gruene-zug.ch\/unteraegeri\/?p=438"},"modified":"2024-03-14T10:47:30","modified_gmt":"2024-03-14T09:47:30","slug":"herzlich-willkommen","status":"publish","type":"post","link":"https:\/\/gruene-zug.ch\/unteraegeri\/blog\/aktuelles\/herzlich-willkommen","title":{"rendered":"Herzlich Willkommen"},"content":{"rendered":"","protected":false},"excerpt":{"rendered":"","protected":false},"author":23,"featured_media":401,"comment_status":"closed","ping_status":"closed","sticky":false,"template":"","format":"standard","meta":{"_acf_changed":false,"inline_featured_image":false,"footnotes":""},"categories":[1],"tags":[],"class_list":["post-438","post","type-post","status-publish","format-standard","has-post-thumbnail","hentry","category-aktuelles"],"acf":[],"yoast_head":"<!-- This site is optimized with the Yoast SEO plugin v26.9 - https:\/\/yoast.com\/product\/yoast-seo-wordpress\/ -->\n<title>Herzlich Willkommen - Die Alternative - Gr\u00fcne Unter\u00e4geri<\/title>\n<meta name=\"description\" content=\"Wir setzen uns ein f\u00fcr den Schutz der Umwelt, den Erhalt der nat\u00fcrlichen Lebensgrundlagen und f\u00fcr soziale, wirtschaftliche und politische Gerechtigkeit.\" \/>\n<meta name=\"robots\" content=\"index, follow, max-snippet:-1, max-image-preview:large, max-video-preview:-1\" \/>\n<link rel=\"canonical\" href=\"https:\/\/gruene-zug.ch\/unteraegeri\/blog\/aktuelles\/herzlich-willkommen\" \/>\n<meta property=\"og:locale\" content=\"de_DE\" \/>\n<meta property=\"og:type\" content=\"article\" \/>\n<meta property=\"og:title\" content=\"Herzlich Willkommen - Die Alternative - Gr\u00fcne Unter\u00e4geri\" \/>\n<meta property=\"og:description\" content=\"Wir setzen uns ein f\u00fcr den Schutz der Umwelt, den Erhalt der nat\u00fcrlichen Lebensgrundlagen und f\u00fcr soziale, wirtschaftliche und \u2026\" \/>\n<meta property=\"og:url\" content=\"https:\/\/gruene-zug.ch\/unteraegeri\/blog\/aktuelles\/herzlich-willkommen\" \/>\n<meta property=\"og:site_name\" content=\"Die Alternative - Gr\u00fcne Unter\u00e4geri\" \/>\n<meta property=\"article:publisher\" content=\"https:\/\/www.facebook.com\/AlternativeZug\" \/>\n<meta property=\"article:published_time\" content=\"2024-01-20T13:26:59+00:00\" \/>\n<meta property=\"article:modified_time\" content=\"2024-03-14T09:47:30+00:00\" \/>\n<meta property=\"og:image\" content=\"https:\/\/gruene-zug.ch\/unteraegeri\/wp-content\/uploads\/sites\/11\/2024\/01\/Willkommen-Gruene-Unteraegeri-1200x630-c-center.jpg\" \/>\n\t<meta property=\"og:image:width\" content=\"1200\" \/>\n\t<meta property=\"og:image:height\" content=\"630\" \/>\n\t<meta property=\"og:image:type\" content=\"image\/png\" \/>\n<meta name=\"author\" content=\"beatryser\" \/>\n<meta name=\"twitter:card\" content=\"summary_large_image\" \/>\n<meta name=\"twitter:creator\" content=\"@AlternativeZG\" \/>\n<meta name=\"twitter:site\" content=\"@AlternativeZG\" \/>\n<meta name=\"twitter:label1\" content=\"Verfasst von\" \/>\n\t<meta name=\"twitter:data1\" content=\"beatryser\" \/>\n\t<meta name=\"twitter:label2\" content=\"Gesch\u00e4tzte Lesezeit\" \/>\n\t<meta name=\"twitter:data2\" content=\"1\u00a0Minute\" \/>\n<script type=\"application\/ld+json\" class=\"yoast-schema-graph\">{\"@context\":\"https:\/\/schema.org\",\"@graph\":[{\"@type\":\"Article\",\"@id\":\"https:\/\/gruene-zug.ch\/unteraegeri\/blog\/aktuelles\/herzlich-willkommen#article\",\"isPartOf\":{\"@id\":\"https:\/\/gruene-zug.ch\/unteraegeri\/blog\/aktuelles\/herzlich-willkommen\"},\"author\":{\"name\":\"beatryser\",\"@id\":\"https:\/\/gruene-zug.ch\/unteraegeri\/#\/schema\/person\/30a6a82a7cfdbe98f2dde252cc25842b\"},\"headline\":\"Herzlich Willkommen\",\"datePublished\":\"2024-01-20T13:26:59+00:00\",\"dateModified\":\"2024-03-14T09:47:30+00:00\",\"mainEntityOfPage\":{\"@id\":\"https:\/\/gruene-zug.ch\/unteraegeri\/blog\/aktuelles\/herzlich-willkommen\"},\"wordCount\":2,\"publisher\":{\"@id\":\"https:\/\/gruene-zug.ch\/unteraegeri\/#organization\"},\"image\":{\"@id\":\"https:\/\/gruene-zug.ch\/unteraegeri\/blog\/aktuelles\/herzlich-willkommen#primaryimage\"},\"thumbnailUrl\":\"https:\/\/gruene-zug.ch\/unteraegeri\/wp-content\/uploads\/sites\/11\/2024\/01\/Willkommen-Gruene-Unteraegeri-2560x0-c-default.png\",\"articleSection\":[\"Aktuelles\"],\"inLanguage\":\"de\"},{\"@type\":\"WebPage\",\"@id\":\"https:\/\/gruene-zug.ch\/unteraegeri\/blog\/aktuelles\/herzlich-willkommen\",\"url\":\"https:\/\/gruene-zug.ch\/unteraegeri\/blog\/aktuelles\/herzlich-willkommen\",\"name\":\"Herzlich Willkommen - Die Alternative - Gr\u00fcne Unter\u00e4geri\",\"isPartOf\":{\"@id\":\"https:\/\/gruene-zug.ch\/unteraegeri\/#website\"},\"primaryImageOfPage\":{\"@id\":\"https:\/\/gruene-zug.ch\/unteraegeri\/blog\/aktuelles\/herzlich-willkommen#primaryimage\"},\"image\":{\"@id\":\"https:\/\/gruene-zug.ch\/unteraegeri\/blog\/aktuelles\/herzlich-willkommen#primaryimage\"},\"thumbnailUrl\":\"https:\/\/gruene-zug.ch\/unteraegeri\/wp-content\/uploads\/sites\/11\/2024\/01\/Willkommen-Gruene-Unteraegeri-2560x0-c-default.png\",\"datePublished\":\"2024-01-20T13:26:59+00:00\",\"dateModified\":\"2024-03-14T09:47:30+00:00\",\"description\":\"Wir setzen uns ein f\u00fcr den Schutz der Umwelt, den Erhalt der nat\u00fcrlichen Lebensgrundlagen und f\u00fcr soziale, wirtschaftliche und politische Gerechtigkeit.\",\"breadcrumb\":{\"@id\":\"https:\/\/gruene-zug.ch\/unteraegeri\/blog\/aktuelles\/herzlich-willkommen#breadcrumb\"},\"inLanguage\":\"de\",\"potentialAction\":[{\"@type\":\"ReadAction\",\"target\":[\"https:\/\/gruene-zug.ch\/unteraegeri\/blog\/aktuelles\/herzlich-willkommen\"]}]},{\"@type\":\"ImageObject\",\"inLanguage\":\"de\",\"@id\":\"https:\/\/gruene-zug.ch\/unteraegeri\/blog\/aktuelles\/herzlich-willkommen#primaryimage\",\"url\":\"https:\/\/gruene-zug.ch\/unteraegeri\/wp-content\/uploads\/sites\/11\/2024\/01\/Willkommen-Gruene-Unteraegeri-2560x0-c-default.png\",\"contentUrl\":\"https:\/\/gruene-zug.ch\/unteraegeri\/wp-content\/uploads\/sites\/11\/2024\/01\/Willkommen-Gruene-Unteraegeri-2560x0-c-default.png\",\"width\":1073,\"height\":701,\"caption\":\"Gr\u00fcne Unter\u00e4geri mit Schwalbenschwanz\"},{\"@type\":\"BreadcrumbList\",\"@id\":\"https:\/\/gruene-zug.ch\/unteraegeri\/blog\/aktuelles\/herzlich-willkommen#breadcrumb\",\"itemListElement\":[{\"@type\":\"ListItem\",\"position\":1,\"name\":\"Startseite\",\"item\":\"https:\/\/gruene-zug.ch\/unteraegeri\/\"},{\"@type\":\"ListItem\",\"position\":2,\"name\":\"Aktuelles\",\"item\":\"https:\/\/gruene-zug.ch\/unteraegeri\/blog\/category\/aktuelles#menu-item-446\"},{\"@type\":\"ListItem\",\"position\":3,\"name\":\"Herzlich Willkommen\"}]},{\"@type\":\"WebSite\",\"@id\":\"https:\/\/gruene-zug.ch\/unteraegeri\/#website\",\"url\":\"https:\/\/gruene-zug.ch\/unteraegeri\/\",\"name\":\"Die Alternative - Gr\u00fcne Unter\u00e4geri\",\"description\":\"Die Alternative \u2013 Gr\u00fcne Unter\u00e4geri\",\"publisher\":{\"@id\":\"https:\/\/gruene-zug.ch\/unteraegeri\/#organization\"},\"potentialAction\":[{\"@type\":\"SearchAction\",\"target\":{\"@type\":\"EntryPoint\",\"urlTemplate\":\"https:\/\/gruene-zug.ch\/unteraegeri\/?s={search_term_string}\"},\"query-input\":{\"@type\":\"PropertyValueSpecification\",\"valueRequired\":true,\"valueName\":\"search_term_string\"}}],\"inLanguage\":\"de\"},{\"@type\":\"Organization\",\"@id\":\"https:\/\/gruene-zug.ch\/unteraegeri\/#organization\",\"name\":\"Die Alternative - Gr\u00fcne Unter\u00e4geri\",\"url\":\"https:\/\/gruene-zug.ch\/unteraegeri\/\",\"logo\":{\"@type\":\"ImageObject\",\"inLanguage\":\"de\",\"@id\":\"https:\/\/gruene-zug.ch\/unteraegeri\/#\/schema\/logo\/image\/\",\"url\":\"https:\/\/gruene-zug.ch\/unteraegeri\/wp-content\/uploads\/sites\/11\/2022\/11\/alternative-dark.svg\",\"contentUrl\":\"https:\/\/gruene-zug.ch\/unteraegeri\/wp-content\/uploads\/sites\/11\/2022\/11\/alternative-dark.svg\",\"width\":1200,\"height\":320,\"caption\":\"Die Alternative - Gr\u00fcne Unter\u00e4geri\"},\"image\":{\"@id\":\"https:\/\/gruene-zug.ch\/unteraegeri\/#\/schema\/logo\/image\/\"},\"sameAs\":[\"https:\/\/www.facebook.com\/AlternativeZug\",\"https:\/\/x.com\/AlternativeZG\"]},{\"@type\":\"Person\",\"@id\":\"https:\/\/gruene-zug.ch\/unteraegeri\/#\/schema\/person\/30a6a82a7cfdbe98f2dde252cc25842b\",\"name\":\"beatryser\",\"image\":{\"@type\":\"ImageObject\",\"inLanguage\":\"de\",\"@id\":\"https:\/\/gruene-zug.ch\/unteraegeri\/#\/schema\/person\/image\/\",\"url\":\"https:\/\/secure.gravatar.com\/avatar\/de26d84f8ebacb6fa5abe369ce6bf9e8a72f221b0585358919dabb850e81ea0d?s=96&d=mm&r=g\",\"contentUrl\":\"https:\/\/secure.gravatar.com\/avatar\/de26d84f8ebacb6fa5abe369ce6bf9e8a72f221b0585358919dabb850e81ea0d?s=96&d=mm&r=g\",\"caption\":\"beatryser\"}}]}<\/script>\n<!-- \/ Yoast SEO plugin. -->","yoast_head_json":{"title":"Herzlich Willkommen - Die Alternative - Gr\u00fcne Unter\u00e4geri","description":"Wir setzen uns ein f\u00fcr den Schutz der Umwelt, den Erhalt der nat\u00fcrlichen Lebensgrundlagen und f\u00fcr soziale, wirtschaftliche und politische Gerechtigkeit.","robots":{"index":"index","follow":"follow","max-snippet":"max-snippet:-1","max-image-preview":"max-image-preview:large","max-video-preview":"max-video-preview:-1"},"canonical":"https:\/\/gruene-zug.ch\/unteraegeri\/blog\/aktuelles\/herzlich-willkommen","og_locale":"de_DE","og_type":"article","og_title":"Herzlich Willkommen - Die Alternative - Gr\u00fcne Unter\u00e4geri","og_description":"Wir setzen uns ein f\u00fcr den Schutz der Umwelt, den Erhalt der nat\u00fcrlichen Lebensgrundlagen und f\u00fcr soziale, wirtschaftliche und \u2026","og_url":"https:\/\/gruene-zug.ch\/unteraegeri\/blog\/aktuelles\/herzlich-willkommen","og_site_name":"Die Alternative - Gr\u00fcne Unter\u00e4geri","article_publisher":"https:\/\/www.facebook.com\/AlternativeZug","article_published_time":"2024-01-20T13:26:59+00:00","article_modified_time":"2024-03-14T09:47:30+00:00","og_image":[{"width":1200,"height":630,"url":"https:\/\/gruene-zug.ch\/unteraegeri\/wp-content\/uploads\/sites\/11\/2024\/01\/Willkommen-Gruene-Unteraegeri-1200x630-c-center.jpg","type":"image\/png"}],"author":"beatryser","twitter_card":"summary_large_image","twitter_creator":"@AlternativeZG","twitter_site":"@AlternativeZG","twitter_misc":{"Verfasst von":"beatryser","Gesch\u00e4tzte Lesezeit":"1\u00a0Minute"},"schema":{"@context":"https:\/\/schema.org","@graph":[{"@type":"Article","@id":"https:\/\/gruene-zug.ch\/unteraegeri\/blog\/aktuelles\/herzlich-willkommen#article","isPartOf":{"@id":"https:\/\/gruene-zug.ch\/unteraegeri\/blog\/aktuelles\/herzlich-willkommen"},"author":{"name":"beatryser","@id":"https:\/\/gruene-zug.ch\/unteraegeri\/#\/schema\/person\/30a6a82a7cfdbe98f2dde252cc25842b"},"headline":"Herzlich Willkommen","datePublished":"2024-01-20T13:26:59+00:00","dateModified":"2024-03-14T09:47:30+00:00","mainEntityOfPage":{"@id":"https:\/\/gruene-zug.ch\/unteraegeri\/blog\/aktuelles\/herzlich-willkommen"},"wordCount":2,"publisher":{"@id":"https:\/\/gruene-zug.ch\/unteraegeri\/#organization"},"image":{"@id":"https:\/\/gruene-zug.ch\/unteraegeri\/blog\/aktuelles\/herzlich-willkommen#primaryimage"},"thumbnailUrl":"https:\/\/gruene-zug.ch\/unteraegeri\/wp-content\/uploads\/sites\/11\/2024\/01\/Willkommen-Gruene-Unteraegeri-2560x0-c-default.png","articleSection":["Aktuelles"],"inLanguage":"de"},{"@type":"WebPage","@id":"https:\/\/gruene-zug.ch\/unteraegeri\/blog\/aktuelles\/herzlich-willkommen","url":"https:\/\/gruene-zug.ch\/unteraegeri\/blog\/aktuelles\/herzlich-willkommen","name":"Herzlich Willkommen - Die Alternative - Gr\u00fcne Unter\u00e4geri","isPartOf":{"@id":"https:\/\/gruene-zug.ch\/unteraegeri\/#website"},"primaryImageOfPage":{"@id":"https:\/\/gruene-zug.ch\/unteraegeri\/blog\/aktuelles\/herzlich-willkommen#primaryimage"},"image":{"@id":"https:\/\/gruene-zug.ch\/unteraegeri\/blog\/aktuelles\/herzlich-willkommen#primaryimage"},"thumbnailUrl":"https:\/\/gruene-zug.ch\/unteraegeri\/wp-content\/uploads\/sites\/11\/2024\/01\/Willkommen-Gruene-Unteraegeri-2560x0-c-default.png","datePublished":"2024-01-20T13:26:59+00:00","dateModified":"2024-03-14T09:47:30+00:00","description":"Wir setzen uns ein f\u00fcr den Schutz der Umwelt, den Erhalt der nat\u00fcrlichen Lebensgrundlagen und f\u00fcr soziale, wirtschaftliche und politische Gerechtigkeit.","breadcrumb":{"@id":"https:\/\/gruene-zug.ch\/unteraegeri\/blog\/aktuelles\/herzlich-willkommen#breadcrumb"},"inLanguage":"de","potentialAction":[{"@type":"ReadAction","target":["https:\/\/gruene-zug.ch\/unteraegeri\/blog\/aktuelles\/herzlich-willkommen"]}]},{"@type":"ImageObject","inLanguage":"de","@id":"https:\/\/gruene-zug.ch\/unteraegeri\/blog\/aktuelles\/herzlich-willkommen#primaryimage","url":"https:\/\/gruene-zug.ch\/unteraegeri\/wp-content\/uploads\/sites\/11\/2024\/01\/Willkommen-Gruene-Unteraegeri-2560x0-c-default.png","contentUrl":"https:\/\/gruene-zug.ch\/unteraegeri\/wp-content\/uploads\/sites\/11\/2024\/01\/Willkommen-Gruene-Unteraegeri-2560x0-c-default.png","width":1073,"height":701,"caption":"Gr\u00fcne Unter\u00e4geri mit Schwalbenschwanz"},{"@type":"BreadcrumbList","@id":"https:\/\/gruene-zug.ch\/unteraegeri\/blog\/aktuelles\/herzlich-willkommen#breadcrumb","itemListElement":[{"@type":"ListItem","position":1,"name":"Startseite","item":"https:\/\/gruene-zug.ch\/unteraegeri\/"},{"@type":"ListItem","position":2,"name":"Aktuelles","item":"https:\/\/gruene-zug.ch\/unteraegeri\/blog\/category\/aktuelles#menu-item-446"},{"@type":"ListItem","position":3,"name":"Herzlich Willkommen"}]},{"@type":"WebSite","@id":"https:\/\/gruene-zug.ch\/unteraegeri\/#website","url":"https:\/\/gruene-zug.ch\/unteraegeri\/","name":"Die Alternative - Gr\u00fcne Unter\u00e4geri","description":"Die Alternative \u2013 Gr\u00fcne Unter\u00e4geri","publisher":{"@id":"https:\/\/gruene-zug.ch\/unteraegeri\/#organization"},"potentialAction":[{"@type":"SearchAction","target":{"@type":"EntryPoint","urlTemplate":"https:\/\/gruene-zug.ch\/unteraegeri\/?s={search_term_string}"},"query-input":{"@type":"PropertyValueSpecification","valueRequired":true,"valueName":"search_term_string"}}],"inLanguage":"de"},{"@type":"Organization","@id":"https:\/\/gruene-zug.ch\/unteraegeri\/#organization","name":"Die Alternative - Gr\u00fcne Unter\u00e4geri","url":"https:\/\/gruene-zug.ch\/unteraegeri\/","logo":{"@type":"ImageObject","inLanguage":"de","@id":"https:\/\/gruene-zug.ch\/unteraegeri\/#\/schema\/logo\/image\/","url":"https:\/\/gruene-zug.ch\/unteraegeri\/wp-content\/uploads\/sites\/11\/2022\/11\/alternative-dark.svg","contentUrl":"https:\/\/gruene-zug.ch\/unteraegeri\/wp-content\/uploads\/sites\/11\/2022\/11\/alternative-dark.svg","width":1200,"height":320,"caption":"Die Alternative - Gr\u00fcne Unter\u00e4geri"},"image":{"@id":"https:\/\/gruene-zug.ch\/unteraegeri\/#\/schema\/logo\/image\/"},"sameAs":["https:\/\/www.facebook.com\/AlternativeZug","https:\/\/x.com\/AlternativeZG"]},{"@type":"Person","@id":"https:\/\/gruene-zug.ch\/unteraegeri\/#\/schema\/person\/30a6a82a7cfdbe98f2dde252cc25842b","name":"beatryser","image":{"@type":"ImageObject","inLanguage":"de","@id":"https:\/\/gruene-zug.ch\/unteraegeri\/#\/schema\/person\/image\/","url":"https:\/\/secure.gravatar.com\/avatar\/de26d84f8ebacb6fa5abe369ce6bf9e8a72f221b0585358919dabb850e81ea0d?s=96&d=mm&r=g","contentUrl":"https:\/\/secure.gravatar.com\/avatar\/de26d84f8ebacb6fa5abe369ce6bf9e8a72f221b0585358919dabb850e81ea0d?s=96&d=mm&r=g","caption":"beatryser"}}]}},"_links":{"self":[{"href":"https:\/\/gruene-zug.ch\/unteraegeri\/wp-json\/wp\/v2\/posts\/438","targetHints":{"allow":["GET"]}}],"collection":[{"href":"https:\/\/gruene-zug.ch\/unteraegeri\/wp-json\/wp\/v2\/posts"}],"about":[{"href":"https:\/\/gruene-zug.ch\/unteraegeri\/wp-json\/wp\/v2\/types\/post"}],"author":[{"embeddable":true,"href":"https:\/\/gruene-zug.ch\/unteraegeri\/wp-json\/wp\/v2\/users\/23"}],"replies":[{"embeddable":true,"href":"https:\/\/gruene-zug.ch\/unteraegeri\/wp-json\/wp\/v2\/comments?post=438"}],"version-history":[{"count":4,"href":"https:\/\/gruene-zug.ch\/unteraegeri\/wp-json\/wp\/v2\/posts\/438\/revisions"}],"predecessor-version":[{"id":467,"href":"https:\/\/gruene-zug.ch\/unteraegeri\/wp-json\/wp\/v2\/posts\/438\/revisions\/467"}],"wp:featuredmedia":[{"embeddable":true,"href":"https:\/\/gruene-zug.ch\/unteraegeri\/wp-json\/wp\/v2\/media\/401"}],"wp:attachment":[{"href":"https:\/\/gruene-zug.ch\/unteraegeri\/wp-json\/wp\/v2\/media?parent=438"}],"wp:term":[{"taxonomy":"category","embeddable":true,"href":"https:\/\/gruene-zug.ch\/unteraegeri\/wp-json\/wp\/v2\/categories?post=438"},{"taxonomy":"post_tag","embeddable":true,"href":"https:\/\/gruene-zug.ch\/unteraegeri\/wp-json\/wp\/v2\/tags?post=438"}],"curies":[{"name":"wp","href":"https:\/\/api.w.org\/{rel}","templated":true}]}}