{"id":441,"date":"2024-01-20T14:30:20","date_gmt":"2024-01-20T13:30:20","guid":{"rendered":"https:\/\/gruene-zug.ch\/unteraegeri\/?p=441"},"modified":"2024-01-20T14:31:49","modified_gmt":"2024-01-20T13:31:49","slug":"umfahrungstunnel-unteraegeri-nein-danke-2","status":"publish","type":"post","link":"https:\/\/gruene-zug.ch\/unteraegeri\/blog\/aktuelles\/umfahrungstunnel-unteraegeri-nein-danke-2","title":{"rendered":"Umfahrungstunnel Unter\u00e4geri &#8211; NEIN DANKE"},"content":{"rendered":"","protected":false},"excerpt":{"rendered":"","protected":false},"author":23,"featured_media":432,"comment_status":"closed","ping_status":"closed","sticky":false,"template":"","format":"standard","meta":{"_acf_changed":false,"inline_featured_image":false,"footnotes":""},"categories":[1],"tags":[],"class_list":["post-441","post","type-post","status-publish","format-standard","has-post-thumbnail","hentry","category-aktuelles"],"acf":[],"yoast_head":"<!-- This site is optimized with the Yoast SEO plugin v26.9 - https:\/\/yoast.com\/product\/yoast-seo-wordpress\/ -->\n<title>Umfahrungstunnel Unter\u00e4geri - NEIN DANKE - Die Alternative - Gr\u00fcne Unter\u00e4geri<\/title>\n<meta name=\"description\" content=\"Der Umfahrungstunnel Unter\u00e4geri ist weder \u00f6kologisch, wirtschaftlich noch sozial.\" \/>\n<meta name=\"robots\" content=\"index, follow, max-snippet:-1, max-image-preview:large, max-video-preview:-1\" \/>\n<link rel=\"canonical\" href=\"https:\/\/gruene-zug.ch\/unteraegeri\/blog\/aktuelles\/umfahrungstunnel-unteraegeri-nein-danke-2\" \/>\n<meta property=\"og:locale\" content=\"de_DE\" \/>\n<meta property=\"og:type\" content=\"article\" \/>\n<meta property=\"og:title\" content=\"Umfahrungstunnel Unter\u00e4geri - NEIN DANKE - Die Alternative - Gr\u00fcne Unter\u00e4geri\" \/>\n<meta property=\"og:description\" content=\"Der Umfahrungstunnel Unter\u00e4geri ist weder \u00f6kologisch, wirtschaftlich noch sozial.\" \/>\n<meta property=\"og:url\" content=\"https:\/\/gruene-zug.ch\/unteraegeri\/blog\/aktuelles\/umfahrungstunnel-unteraegeri-nein-danke-2\" \/>\n<meta property=\"og:site_name\" content=\"Die Alternative - Gr\u00fcne Unter\u00e4geri\" \/>\n<meta property=\"article:publisher\" content=\"https:\/\/www.facebook.com\/AlternativeZug\" \/>\n<meta property=\"article:published_time\" content=\"2024-01-20T13:30:20+00:00\" \/>\n<meta property=\"article:modified_time\" content=\"2024-01-20T13:31:49+00:00\" \/>\n<meta property=\"og:image\" content=\"https:\/\/gruene-zug.ch\/unteraegeri\/wp-content\/uploads\/sites\/11\/2024\/01\/NEIN-zu-den-Teunneln-Zug-und-Unteraegeri-1200x630-c-center.jpg\" \/>\n\t<meta property=\"og:image:width\" content=\"1200\" \/>\n\t<meta property=\"og:image:height\" content=\"630\" \/>\n\t<meta property=\"og:image:type\" content=\"image\/png\" \/>\n<meta name=\"author\" content=\"beatryser\" \/>\n<meta name=\"twitter:card\" content=\"summary_large_image\" \/>\n<meta name=\"twitter:creator\" content=\"@AlternativeZG\" \/>\n<meta name=\"twitter:site\" content=\"@AlternativeZG\" \/>\n<meta name=\"twitter:label1\" content=\"Verfasst von\" \/>\n\t<meta name=\"twitter:data1\" content=\"beatryser\" \/>\n\t<meta name=\"twitter:label2\" content=\"Gesch\u00e4tzte Lesezeit\" \/>\n\t<meta name=\"twitter:data2\" content=\"1\u00a0Minute\" \/>\n<script type=\"application\/ld+json\" class=\"yoast-schema-graph\">{\"@context\":\"https:\/\/schema.org\",\"@graph\":[{\"@type\":\"Article\",\"@id\":\"https:\/\/gruene-zug.ch\/unteraegeri\/blog\/aktuelles\/umfahrungstunnel-unteraegeri-nein-danke-2#article\",\"isPartOf\":{\"@id\":\"https:\/\/gruene-zug.ch\/unteraegeri\/blog\/aktuelles\/umfahrungstunnel-unteraegeri-nein-danke-2\"},\"author\":{\"name\":\"beatryser\",\"@id\":\"https:\/\/gruene-zug.ch\/unteraegeri\/#\/schema\/person\/30a6a82a7cfdbe98f2dde252cc25842b\"},\"headline\":\"Umfahrungstunnel Unter\u00e4geri &#8211; NEIN DANKE\",\"datePublished\":\"2024-01-20T13:30:20+00:00\",\"dateModified\":\"2024-01-20T13:31:49+00:00\",\"mainEntityOfPage\":{\"@id\":\"https:\/\/gruene-zug.ch\/unteraegeri\/blog\/aktuelles\/umfahrungstunnel-unteraegeri-nein-danke-2\"},\"wordCount\":6,\"publisher\":{\"@id\":\"https:\/\/gruene-zug.ch\/unteraegeri\/#organization\"},\"image\":{\"@id\":\"https:\/\/gruene-zug.ch\/unteraegeri\/blog\/aktuelles\/umfahrungstunnel-unteraegeri-nein-danke-2#primaryimage\"},\"thumbnailUrl\":\"https:\/\/gruene-zug.ch\/unteraegeri\/wp-content\/uploads\/sites\/11\/2024\/01\/NEIN-zu-den-Teunneln-Zug-und-Unteraegeri-2560x0-c-default.png\",\"articleSection\":[\"Aktuelles\"],\"inLanguage\":\"de\"},{\"@type\":\"WebPage\",\"@id\":\"https:\/\/gruene-zug.ch\/unteraegeri\/blog\/aktuelles\/umfahrungstunnel-unteraegeri-nein-danke-2\",\"url\":\"https:\/\/gruene-zug.ch\/unteraegeri\/blog\/aktuelles\/umfahrungstunnel-unteraegeri-nein-danke-2\",\"name\":\"Umfahrungstunnel Unter\u00e4geri - NEIN DANKE - Die Alternative - Gr\u00fcne Unter\u00e4geri\",\"isPartOf\":{\"@id\":\"https:\/\/gruene-zug.ch\/unteraegeri\/#website\"},\"primaryImageOfPage\":{\"@id\":\"https:\/\/gruene-zug.ch\/unteraegeri\/blog\/aktuelles\/umfahrungstunnel-unteraegeri-nein-danke-2#primaryimage\"},\"image\":{\"@id\":\"https:\/\/gruene-zug.ch\/unteraegeri\/blog\/aktuelles\/umfahrungstunnel-unteraegeri-nein-danke-2#primaryimage\"},\"thumbnailUrl\":\"https:\/\/gruene-zug.ch\/unteraegeri\/wp-content\/uploads\/sites\/11\/2024\/01\/NEIN-zu-den-Teunneln-Zug-und-Unteraegeri-2560x0-c-default.png\",\"datePublished\":\"2024-01-20T13:30:20+00:00\",\"dateModified\":\"2024-01-20T13:31:49+00:00\",\"description\":\"Der Umfahrungstunnel Unter\u00e4geri ist weder \u00f6kologisch, wirtschaftlich noch sozial.\",\"breadcrumb\":{\"@id\":\"https:\/\/gruene-zug.ch\/unteraegeri\/blog\/aktuelles\/umfahrungstunnel-unteraegeri-nein-danke-2#breadcrumb\"},\"inLanguage\":\"de\",\"potentialAction\":[{\"@type\":\"ReadAction\",\"target\":[\"https:\/\/gruene-zug.ch\/unteraegeri\/blog\/aktuelles\/umfahrungstunnel-unteraegeri-nein-danke-2\"]}]},{\"@type\":\"ImageObject\",\"inLanguage\":\"de\",\"@id\":\"https:\/\/gruene-zug.ch\/unteraegeri\/blog\/aktuelles\/umfahrungstunnel-unteraegeri-nein-danke-2#primaryimage\",\"url\":\"https:\/\/gruene-zug.ch\/unteraegeri\/wp-content\/uploads\/sites\/11\/2024\/01\/NEIN-zu-den-Teunneln-Zug-und-Unteraegeri-2560x0-c-default.png\",\"contentUrl\":\"https:\/\/gruene-zug.ch\/unteraegeri\/wp-content\/uploads\/sites\/11\/2024\/01\/NEIN-zu-den-Teunneln-Zug-und-Unteraegeri-2560x0-c-default.png\",\"width\":975,\"height\":682,\"caption\":\"NEIN zum Umfahrungstunnel Unter\u00e4geri und NEIN zum Umfahrungstunnel Zug\"},{\"@type\":\"BreadcrumbList\",\"@id\":\"https:\/\/gruene-zug.ch\/unteraegeri\/blog\/aktuelles\/umfahrungstunnel-unteraegeri-nein-danke-2#breadcrumb\",\"itemListElement\":[{\"@type\":\"ListItem\",\"position\":1,\"name\":\"Startseite\",\"item\":\"https:\/\/gruene-zug.ch\/unteraegeri\/\"},{\"@type\":\"ListItem\",\"position\":2,\"name\":\"Aktuelles\",\"item\":\"https:\/\/gruene-zug.ch\/unteraegeri\/blog\/category\/aktuelles#menu-item-446\"},{\"@type\":\"ListItem\",\"position\":3,\"name\":\"Umfahrungstunnel Unter\u00e4geri &#8211; NEIN DANKE\"}]},{\"@type\":\"WebSite\",\"@id\":\"https:\/\/gruene-zug.ch\/unteraegeri\/#website\",\"url\":\"https:\/\/gruene-zug.ch\/unteraegeri\/\",\"name\":\"Die Alternative - Gr\u00fcne Unter\u00e4geri\",\"description\":\"Die Alternative \u2013 Gr\u00fcne Unter\u00e4geri\",\"publisher\":{\"@id\":\"https:\/\/gruene-zug.ch\/unteraegeri\/#organization\"},\"potentialAction\":[{\"@type\":\"SearchAction\",\"target\":{\"@type\":\"EntryPoint\",\"urlTemplate\":\"https:\/\/gruene-zug.ch\/unteraegeri\/?s={search_term_string}\"},\"query-input\":{\"@type\":\"PropertyValueSpecification\",\"valueRequired\":true,\"valueName\":\"search_term_string\"}}],\"inLanguage\":\"de\"},{\"@type\":\"Organization\",\"@id\":\"https:\/\/gruene-zug.ch\/unteraegeri\/#organization\",\"name\":\"Die Alternative - Gr\u00fcne Unter\u00e4geri\",\"url\":\"https:\/\/gruene-zug.ch\/unteraegeri\/\",\"logo\":{\"@type\":\"ImageObject\",\"inLanguage\":\"de\",\"@id\":\"https:\/\/gruene-zug.ch\/unteraegeri\/#\/schema\/logo\/image\/\",\"url\":\"https:\/\/gruene-zug.ch\/unteraegeri\/wp-content\/uploads\/sites\/11\/2022\/11\/alternative-dark.svg\",\"contentUrl\":\"https:\/\/gruene-zug.ch\/unteraegeri\/wp-content\/uploads\/sites\/11\/2022\/11\/alternative-dark.svg\",\"width\":1200,\"height\":320,\"caption\":\"Die Alternative - Gr\u00fcne Unter\u00e4geri\"},\"image\":{\"@id\":\"https:\/\/gruene-zug.ch\/unteraegeri\/#\/schema\/logo\/image\/\"},\"sameAs\":[\"https:\/\/www.facebook.com\/AlternativeZug\",\"https:\/\/x.com\/AlternativeZG\"]},{\"@type\":\"Person\",\"@id\":\"https:\/\/gruene-zug.ch\/unteraegeri\/#\/schema\/person\/30a6a82a7cfdbe98f2dde252cc25842b\",\"name\":\"beatryser\",\"image\":{\"@type\":\"ImageObject\",\"inLanguage\":\"de\",\"@id\":\"https:\/\/gruene-zug.ch\/unteraegeri\/#\/schema\/person\/image\/\",\"url\":\"https:\/\/secure.gravatar.com\/avatar\/de26d84f8ebacb6fa5abe369ce6bf9e8a72f221b0585358919dabb850e81ea0d?s=96&d=mm&r=g\",\"contentUrl\":\"https:\/\/secure.gravatar.com\/avatar\/de26d84f8ebacb6fa5abe369ce6bf9e8a72f221b0585358919dabb850e81ea0d?s=96&d=mm&r=g\",\"caption\":\"beatryser\"}}]}<\/script>\n<!-- \/ Yoast SEO plugin. -->","yoast_head_json":{"title":"Umfahrungstunnel Unter\u00e4geri - NEIN DANKE - Die Alternative - Gr\u00fcne Unter\u00e4geri","description":"Der Umfahrungstunnel Unter\u00e4geri ist weder \u00f6kologisch, wirtschaftlich noch sozial.","robots":{"index":"index","follow":"follow","max-snippet":"max-snippet:-1","max-image-preview":"max-image-preview:large","max-video-preview":"max-video-preview:-1"},"canonical":"https:\/\/gruene-zug.ch\/unteraegeri\/blog\/aktuelles\/umfahrungstunnel-unteraegeri-nein-danke-2","og_locale":"de_DE","og_type":"article","og_title":"Umfahrungstunnel Unter\u00e4geri - NEIN DANKE - Die Alternative - Gr\u00fcne Unter\u00e4geri","og_description":"Der Umfahrungstunnel Unter\u00e4geri ist weder \u00f6kologisch, wirtschaftlich noch sozial.","og_url":"https:\/\/gruene-zug.ch\/unteraegeri\/blog\/aktuelles\/umfahrungstunnel-unteraegeri-nein-danke-2","og_site_name":"Die Alternative - Gr\u00fcne Unter\u00e4geri","article_publisher":"https:\/\/www.facebook.com\/AlternativeZug","article_published_time":"2024-01-20T13:30:20+00:00","article_modified_time":"2024-01-20T13:31:49+00:00","og_image":[{"width":1200,"height":630,"url":"https:\/\/gruene-zug.ch\/unteraegeri\/wp-content\/uploads\/sites\/11\/2024\/01\/NEIN-zu-den-Teunneln-Zug-und-Unteraegeri-1200x630-c-center.jpg","type":"image\/png"}],"author":"beatryser","twitter_card":"summary_large_image","twitter_creator":"@AlternativeZG","twitter_site":"@AlternativeZG","twitter_misc":{"Verfasst von":"beatryser","Gesch\u00e4tzte Lesezeit":"1\u00a0Minute"},"schema":{"@context":"https:\/\/schema.org","@graph":[{"@type":"Article","@id":"https:\/\/gruene-zug.ch\/unteraegeri\/blog\/aktuelles\/umfahrungstunnel-unteraegeri-nein-danke-2#article","isPartOf":{"@id":"https:\/\/gruene-zug.ch\/unteraegeri\/blog\/aktuelles\/umfahrungstunnel-unteraegeri-nein-danke-2"},"author":{"name":"beatryser","@id":"https:\/\/gruene-zug.ch\/unteraegeri\/#\/schema\/person\/30a6a82a7cfdbe98f2dde252cc25842b"},"headline":"Umfahrungstunnel Unter\u00e4geri &#8211; NEIN DANKE","datePublished":"2024-01-20T13:30:20+00:00","dateModified":"2024-01-20T13:31:49+00:00","mainEntityOfPage":{"@id":"https:\/\/gruene-zug.ch\/unteraegeri\/blog\/aktuelles\/umfahrungstunnel-unteraegeri-nein-danke-2"},"wordCount":6,"publisher":{"@id":"https:\/\/gruene-zug.ch\/unteraegeri\/#organization"},"image":{"@id":"https:\/\/gruene-zug.ch\/unteraegeri\/blog\/aktuelles\/umfahrungstunnel-unteraegeri-nein-danke-2#primaryimage"},"thumbnailUrl":"https:\/\/gruene-zug.ch\/unteraegeri\/wp-content\/uploads\/sites\/11\/2024\/01\/NEIN-zu-den-Teunneln-Zug-und-Unteraegeri-2560x0-c-default.png","articleSection":["Aktuelles"],"inLanguage":"de"},{"@type":"WebPage","@id":"https:\/\/gruene-zug.ch\/unteraegeri\/blog\/aktuelles\/umfahrungstunnel-unteraegeri-nein-danke-2","url":"https:\/\/gruene-zug.ch\/unteraegeri\/blog\/aktuelles\/umfahrungstunnel-unteraegeri-nein-danke-2","name":"Umfahrungstunnel Unter\u00e4geri - NEIN DANKE - Die Alternative - Gr\u00fcne Unter\u00e4geri","isPartOf":{"@id":"https:\/\/gruene-zug.ch\/unteraegeri\/#website"},"primaryImageOfPage":{"@id":"https:\/\/gruene-zug.ch\/unteraegeri\/blog\/aktuelles\/umfahrungstunnel-unteraegeri-nein-danke-2#primaryimage"},"image":{"@id":"https:\/\/gruene-zug.ch\/unteraegeri\/blog\/aktuelles\/umfahrungstunnel-unteraegeri-nein-danke-2#primaryimage"},"thumbnailUrl":"https:\/\/gruene-zug.ch\/unteraegeri\/wp-content\/uploads\/sites\/11\/2024\/01\/NEIN-zu-den-Teunneln-Zug-und-Unteraegeri-2560x0-c-default.png","datePublished":"2024-01-20T13:30:20+00:00","dateModified":"2024-01-20T13:31:49+00:00","description":"Der Umfahrungstunnel Unter\u00e4geri ist weder \u00f6kologisch, wirtschaftlich noch sozial.","breadcrumb":{"@id":"https:\/\/gruene-zug.ch\/unteraegeri\/blog\/aktuelles\/umfahrungstunnel-unteraegeri-nein-danke-2#breadcrumb"},"inLanguage":"de","potentialAction":[{"@type":"ReadAction","target":["https:\/\/gruene-zug.ch\/unteraegeri\/blog\/aktuelles\/umfahrungstunnel-unteraegeri-nein-danke-2"]}]},{"@type":"ImageObject","inLanguage":"de","@id":"https:\/\/gruene-zug.ch\/unteraegeri\/blog\/aktuelles\/umfahrungstunnel-unteraegeri-nein-danke-2#primaryimage","url":"https:\/\/gruene-zug.ch\/unteraegeri\/wp-content\/uploads\/sites\/11\/2024\/01\/NEIN-zu-den-Teunneln-Zug-und-Unteraegeri-2560x0-c-default.png","contentUrl":"https:\/\/gruene-zug.ch\/unteraegeri\/wp-content\/uploads\/sites\/11\/2024\/01\/NEIN-zu-den-Teunneln-Zug-und-Unteraegeri-2560x0-c-default.png","width":975,"height":682,"caption":"NEIN zum Umfahrungstunnel Unter\u00e4geri und NEIN zum Umfahrungstunnel Zug"},{"@type":"BreadcrumbList","@id":"https:\/\/gruene-zug.ch\/unteraegeri\/blog\/aktuelles\/umfahrungstunnel-unteraegeri-nein-danke-2#breadcrumb","itemListElement":[{"@type":"ListItem","position":1,"name":"Startseite","item":"https:\/\/gruene-zug.ch\/unteraegeri\/"},{"@type":"ListItem","position":2,"name":"Aktuelles","item":"https:\/\/gruene-zug.ch\/unteraegeri\/blog\/category\/aktuelles#menu-item-446"},{"@type":"ListItem","position":3,"name":"Umfahrungstunnel Unter\u00e4geri &#8211; NEIN DANKE"}]},{"@type":"WebSite","@id":"https:\/\/gruene-zug.ch\/unteraegeri\/#website","url":"https:\/\/gruene-zug.ch\/unteraegeri\/","name":"Die Alternative - Gr\u00fcne Unter\u00e4geri","description":"Die Alternative \u2013 Gr\u00fcne Unter\u00e4geri","publisher":{"@id":"https:\/\/gruene-zug.ch\/unteraegeri\/#organization"},"potentialAction":[{"@type":"SearchAction","target":{"@type":"EntryPoint","urlTemplate":"https:\/\/gruene-zug.ch\/unteraegeri\/?s={search_term_string}"},"query-input":{"@type":"PropertyValueSpecification","valueRequired":true,"valueName":"search_term_string"}}],"inLanguage":"de"},{"@type":"Organization","@id":"https:\/\/gruene-zug.ch\/unteraegeri\/#organization","name":"Die Alternative - Gr\u00fcne Unter\u00e4geri","url":"https:\/\/gruene-zug.ch\/unteraegeri\/","logo":{"@type":"ImageObject","inLanguage":"de","@id":"https:\/\/gruene-zug.ch\/unteraegeri\/#\/schema\/logo\/image\/","url":"https:\/\/gruene-zug.ch\/unteraegeri\/wp-content\/uploads\/sites\/11\/2022\/11\/alternative-dark.svg","contentUrl":"https:\/\/gruene-zug.ch\/unteraegeri\/wp-content\/uploads\/sites\/11\/2022\/11\/alternative-dark.svg","width":1200,"height":320,"caption":"Die Alternative - Gr\u00fcne Unter\u00e4geri"},"image":{"@id":"https:\/\/gruene-zug.ch\/unteraegeri\/#\/schema\/logo\/image\/"},"sameAs":["https:\/\/www.facebook.com\/AlternativeZug","https:\/\/x.com\/AlternativeZG"]},{"@type":"Person","@id":"https:\/\/gruene-zug.ch\/unteraegeri\/#\/schema\/person\/30a6a82a7cfdbe98f2dde252cc25842b","name":"beatryser","image":{"@type":"ImageObject","inLanguage":"de","@id":"https:\/\/gruene-zug.ch\/unteraegeri\/#\/schema\/person\/image\/","url":"https:\/\/secure.gravatar.com\/avatar\/de26d84f8ebacb6fa5abe369ce6bf9e8a72f221b0585358919dabb850e81ea0d?s=96&d=mm&r=g","contentUrl":"https:\/\/secure.gravatar.com\/avatar\/de26d84f8ebacb6fa5abe369ce6bf9e8a72f221b0585358919dabb850e81ea0d?s=96&d=mm&r=g","caption":"beatryser"}}]}},"_links":{"self":[{"href":"https:\/\/gruene-zug.ch\/unteraegeri\/wp-json\/wp\/v2\/posts\/441","targetHints":{"allow":["GET"]}}],"collection":[{"href":"https:\/\/gruene-zug.ch\/unteraegeri\/wp-json\/wp\/v2\/posts"}],"about":[{"href":"https:\/\/gruene-zug.ch\/unteraegeri\/wp-json\/wp\/v2\/types\/post"}],"author":[{"embeddable":true,"href":"https:\/\/gruene-zug.ch\/unteraegeri\/wp-json\/wp\/v2\/users\/23"}],"replies":[{"embeddable":true,"href":"https:\/\/gruene-zug.ch\/unteraegeri\/wp-json\/wp\/v2\/comments?post=441"}],"version-history":[{"count":2,"href":"https:\/\/gruene-zug.ch\/unteraegeri\/wp-json\/wp\/v2\/posts\/441\/revisions"}],"predecessor-version":[{"id":443,"href":"https:\/\/gruene-zug.ch\/unteraegeri\/wp-json\/wp\/v2\/posts\/441\/revisions\/443"}],"wp:featuredmedia":[{"embeddable":true,"href":"https:\/\/gruene-zug.ch\/unteraegeri\/wp-json\/wp\/v2\/media\/432"}],"wp:attachment":[{"href":"https:\/\/gruene-zug.ch\/unteraegeri\/wp-json\/wp\/v2\/media?parent=441"}],"wp:term":[{"taxonomy":"category","embeddable":true,"href":"https:\/\/gruene-zug.ch\/unteraegeri\/wp-json\/wp\/v2\/categories?post=441"},{"taxonomy":"post_tag","embeddable":true,"href":"https:\/\/gruene-zug.ch\/unteraegeri\/wp-json\/wp\/v2\/tags?post=441"}],"curies":[{"name":"wp","href":"https:\/\/api.w.org\/{rel}","templated":true}]}}