{"id":483,"date":"2024-06-14T15:38:33","date_gmt":"2024-06-14T13:38:33","guid":{"rendered":"https:\/\/gruene-zug.ch\/unteraegeri\/?p=483"},"modified":"2024-06-14T15:46:04","modified_gmt":"2024-06-14T13:46:04","slug":"gemeindeversammlung-landsgemeinde-unteraegeri-vom-16-juni-2024-um-10-30-h-auf-dem-dorfplatz","status":"publish","type":"post","link":"https:\/\/gruene-zug.ch\/unteraegeri\/blog\/aktuelles\/gemeindeversammlung-landsgemeinde-unteraegeri-vom-16-juni-2024-um-10-30-h-auf-dem-dorfplatz","title":{"rendered":"Gemeindeversammlung (Landsgemeinde) Unter\u00e4geri vom 16. Juni 2024"},"content":{"rendered":"","protected":false},"excerpt":{"rendered":"","protected":false},"author":23,"featured_media":489,"comment_status":"closed","ping_status":"closed","sticky":false,"template":"","format":"standard","meta":{"_acf_changed":false,"inline_featured_image":false,"footnotes":""},"categories":[1],"tags":[],"class_list":["post-483","post","type-post","status-publish","format-standard","has-post-thumbnail","hentry","category-aktuelles"],"acf":[],"yoast_head":"<!-- This site is optimized with the Yoast SEO plugin v26.9 - https:\/\/yoast.com\/product\/yoast-seo-wordpress\/ -->\n<title>Gemeindeversammlung (Landsgemeinde) Unter\u00e4geri vom 16. Juni 2024 - Die Alternative - Gr\u00fcne Unter\u00e4geri<\/title>\n<meta name=\"description\" content=\"Am Sonntag, 16. Juni 2024 ist die Gemeindeversammlung eine Landsgemeinde (stehen statt sitzen und draussen statt drinnen). Sie beginnt um 10.30 h. - Wir feiern ausserdem 150 Jahre Zuger Gemeinden.\" \/>\n<meta name=\"robots\" content=\"index, follow, max-snippet:-1, max-image-preview:large, max-video-preview:-1\" \/>\n<link rel=\"canonical\" href=\"https:\/\/gruene-zug.ch\/unteraegeri\/blog\/aktuelles\/gemeindeversammlung-landsgemeinde-unteraegeri-vom-16-juni-2024-um-10-30-h-auf-dem-dorfplatz\" \/>\n<meta property=\"og:locale\" content=\"de_DE\" \/>\n<meta property=\"og:type\" content=\"article\" \/>\n<meta property=\"og:title\" content=\"Gemeindeversammlung (Landsgemeinde) Unter\u00e4geri vom 16. Juni 2024 - Die Alternative - Gr\u00fcne Unter\u00e4geri\" \/>\n<meta property=\"og:description\" content=\"Am Sonntag, 16. Juni 2024 ist die Gemeindeversammlung eine Landsgemeinde (stehen statt sitzen und draussen statt drinnen). Sie beginnt um \u2026\" \/>\n<meta property=\"og:url\" content=\"https:\/\/gruene-zug.ch\/unteraegeri\/blog\/aktuelles\/gemeindeversammlung-landsgemeinde-unteraegeri-vom-16-juni-2024-um-10-30-h-auf-dem-dorfplatz\" \/>\n<meta property=\"og:site_name\" content=\"Die Alternative - Gr\u00fcne Unter\u00e4geri\" \/>\n<meta property=\"article:publisher\" content=\"https:\/\/www.facebook.com\/AlternativeZug\" \/>\n<meta property=\"article:published_time\" content=\"2024-06-14T13:38:33+00:00\" \/>\n<meta property=\"article:modified_time\" content=\"2024-06-14T13:46:04+00:00\" \/>\n<meta property=\"og:image\" content=\"https:\/\/gruene-zug.ch\/unteraegeri\/wp-content\/uploads\/sites\/11\/2024\/06\/Gemeindeversammlung-Unteraegeri-1200x630-c-center.jpg\" \/>\n\t<meta property=\"og:image:width\" content=\"1200\" \/>\n\t<meta property=\"og:image:height\" content=\"630\" \/>\n\t<meta property=\"og:image:type\" content=\"image\/png\" \/>\n<meta name=\"author\" content=\"beatryser\" \/>\n<meta name=\"twitter:card\" content=\"summary_large_image\" \/>\n<meta name=\"twitter:creator\" content=\"@AlternativeZG\" \/>\n<meta name=\"twitter:site\" content=\"@AlternativeZG\" \/>\n<meta name=\"twitter:label1\" content=\"Verfasst von\" \/>\n\t<meta name=\"twitter:data1\" content=\"beatryser\" \/>\n\t<meta name=\"twitter:label2\" content=\"Gesch\u00e4tzte Lesezeit\" \/>\n\t<meta name=\"twitter:data2\" content=\"2\u00a0Minuten\" \/>\n<script type=\"application\/ld+json\" class=\"yoast-schema-graph\">{\"@context\":\"https:\/\/schema.org\",\"@graph\":[{\"@type\":\"Article\",\"@id\":\"https:\/\/gruene-zug.ch\/unteraegeri\/blog\/aktuelles\/gemeindeversammlung-landsgemeinde-unteraegeri-vom-16-juni-2024-um-10-30-h-auf-dem-dorfplatz#article\",\"isPartOf\":{\"@id\":\"https:\/\/gruene-zug.ch\/unteraegeri\/blog\/aktuelles\/gemeindeversammlung-landsgemeinde-unteraegeri-vom-16-juni-2024-um-10-30-h-auf-dem-dorfplatz\"},\"author\":{\"name\":\"beatryser\",\"@id\":\"https:\/\/gruene-zug.ch\/unteraegeri\/#\/schema\/person\/30a6a82a7cfdbe98f2dde252cc25842b\"},\"headline\":\"Gemeindeversammlung (Landsgemeinde) Unter\u00e4geri vom 16. Juni 2024\",\"datePublished\":\"2024-06-14T13:38:33+00:00\",\"dateModified\":\"2024-06-14T13:46:04+00:00\",\"mainEntityOfPage\":{\"@id\":\"https:\/\/gruene-zug.ch\/unteraegeri\/blog\/aktuelles\/gemeindeversammlung-landsgemeinde-unteraegeri-vom-16-juni-2024-um-10-30-h-auf-dem-dorfplatz\"},\"wordCount\":6,\"publisher\":{\"@id\":\"https:\/\/gruene-zug.ch\/unteraegeri\/#organization\"},\"image\":{\"@id\":\"https:\/\/gruene-zug.ch\/unteraegeri\/blog\/aktuelles\/gemeindeversammlung-landsgemeinde-unteraegeri-vom-16-juni-2024-um-10-30-h-auf-dem-dorfplatz#primaryimage\"},\"thumbnailUrl\":\"https:\/\/gruene-zug.ch\/unteraegeri\/wp-content\/uploads\/sites\/11\/2024\/06\/Gemeindeversammlung-Unteraegeri-2560x0-c-default.png\",\"articleSection\":[\"Aktuelles\"],\"inLanguage\":\"de\"},{\"@type\":\"WebPage\",\"@id\":\"https:\/\/gruene-zug.ch\/unteraegeri\/blog\/aktuelles\/gemeindeversammlung-landsgemeinde-unteraegeri-vom-16-juni-2024-um-10-30-h-auf-dem-dorfplatz\",\"url\":\"https:\/\/gruene-zug.ch\/unteraegeri\/blog\/aktuelles\/gemeindeversammlung-landsgemeinde-unteraegeri-vom-16-juni-2024-um-10-30-h-auf-dem-dorfplatz\",\"name\":\"Gemeindeversammlung (Landsgemeinde) Unter\u00e4geri vom 16. Juni 2024 - Die Alternative - Gr\u00fcne Unter\u00e4geri\",\"isPartOf\":{\"@id\":\"https:\/\/gruene-zug.ch\/unteraegeri\/#website\"},\"primaryImageOfPage\":{\"@id\":\"https:\/\/gruene-zug.ch\/unteraegeri\/blog\/aktuelles\/gemeindeversammlung-landsgemeinde-unteraegeri-vom-16-juni-2024-um-10-30-h-auf-dem-dorfplatz#primaryimage\"},\"image\":{\"@id\":\"https:\/\/gruene-zug.ch\/unteraegeri\/blog\/aktuelles\/gemeindeversammlung-landsgemeinde-unteraegeri-vom-16-juni-2024-um-10-30-h-auf-dem-dorfplatz#primaryimage\"},\"thumbnailUrl\":\"https:\/\/gruene-zug.ch\/unteraegeri\/wp-content\/uploads\/sites\/11\/2024\/06\/Gemeindeversammlung-Unteraegeri-2560x0-c-default.png\",\"datePublished\":\"2024-06-14T13:38:33+00:00\",\"dateModified\":\"2024-06-14T13:46:04+00:00\",\"description\":\"Am Sonntag, 16. Juni 2024 ist die Gemeindeversammlung eine Landsgemeinde (stehen statt sitzen und draussen statt drinnen). Sie beginnt um 10.30 h. - Wir feiern ausserdem 150 Jahre Zuger Gemeinden.\",\"breadcrumb\":{\"@id\":\"https:\/\/gruene-zug.ch\/unteraegeri\/blog\/aktuelles\/gemeindeversammlung-landsgemeinde-unteraegeri-vom-16-juni-2024-um-10-30-h-auf-dem-dorfplatz#breadcrumb\"},\"inLanguage\":\"de\",\"potentialAction\":[{\"@type\":\"ReadAction\",\"target\":[\"https:\/\/gruene-zug.ch\/unteraegeri\/blog\/aktuelles\/gemeindeversammlung-landsgemeinde-unteraegeri-vom-16-juni-2024-um-10-30-h-auf-dem-dorfplatz\"]}]},{\"@type\":\"ImageObject\",\"inLanguage\":\"de\",\"@id\":\"https:\/\/gruene-zug.ch\/unteraegeri\/blog\/aktuelles\/gemeindeversammlung-landsgemeinde-unteraegeri-vom-16-juni-2024-um-10-30-h-auf-dem-dorfplatz#primaryimage\",\"url\":\"https:\/\/gruene-zug.ch\/unteraegeri\/wp-content\/uploads\/sites\/11\/2024\/06\/Gemeindeversammlung-Unteraegeri-2560x0-c-default.png\",\"contentUrl\":\"https:\/\/gruene-zug.ch\/unteraegeri\/wp-content\/uploads\/sites\/11\/2024\/06\/Gemeindeversammlung-Unteraegeri-2560x0-c-default.png\",\"width\":1081,\"height\":681,\"caption\":\"Gemeindeversammlung Unter\u00e4geri\"},{\"@type\":\"BreadcrumbList\",\"@id\":\"https:\/\/gruene-zug.ch\/unteraegeri\/blog\/aktuelles\/gemeindeversammlung-landsgemeinde-unteraegeri-vom-16-juni-2024-um-10-30-h-auf-dem-dorfplatz#breadcrumb\",\"itemListElement\":[{\"@type\":\"ListItem\",\"position\":1,\"name\":\"Startseite\",\"item\":\"https:\/\/gruene-zug.ch\/unteraegeri\/\"},{\"@type\":\"ListItem\",\"position\":2,\"name\":\"Aktuelles\",\"item\":\"https:\/\/gruene-zug.ch\/unteraegeri\/blog\/category\/aktuelles#menu-item-446\"},{\"@type\":\"ListItem\",\"position\":3,\"name\":\"Gemeindeversammlung (Landsgemeinde) Unter\u00e4geri vom 16. Juni 2024\"}]},{\"@type\":\"WebSite\",\"@id\":\"https:\/\/gruene-zug.ch\/unteraegeri\/#website\",\"url\":\"https:\/\/gruene-zug.ch\/unteraegeri\/\",\"name\":\"Die Alternative - Gr\u00fcne Unter\u00e4geri\",\"description\":\"Die Alternative \u2013 Gr\u00fcne Unter\u00e4geri\",\"publisher\":{\"@id\":\"https:\/\/gruene-zug.ch\/unteraegeri\/#organization\"},\"potentialAction\":[{\"@type\":\"SearchAction\",\"target\":{\"@type\":\"EntryPoint\",\"urlTemplate\":\"https:\/\/gruene-zug.ch\/unteraegeri\/?s={search_term_string}\"},\"query-input\":{\"@type\":\"PropertyValueSpecification\",\"valueRequired\":true,\"valueName\":\"search_term_string\"}}],\"inLanguage\":\"de\"},{\"@type\":\"Organization\",\"@id\":\"https:\/\/gruene-zug.ch\/unteraegeri\/#organization\",\"name\":\"Die Alternative - Gr\u00fcne Unter\u00e4geri\",\"url\":\"https:\/\/gruene-zug.ch\/unteraegeri\/\",\"logo\":{\"@type\":\"ImageObject\",\"inLanguage\":\"de\",\"@id\":\"https:\/\/gruene-zug.ch\/unteraegeri\/#\/schema\/logo\/image\/\",\"url\":\"https:\/\/gruene-zug.ch\/unteraegeri\/wp-content\/uploads\/sites\/11\/2022\/11\/alternative-dark.svg\",\"contentUrl\":\"https:\/\/gruene-zug.ch\/unteraegeri\/wp-content\/uploads\/sites\/11\/2022\/11\/alternative-dark.svg\",\"width\":1200,\"height\":320,\"caption\":\"Die Alternative - Gr\u00fcne Unter\u00e4geri\"},\"image\":{\"@id\":\"https:\/\/gruene-zug.ch\/unteraegeri\/#\/schema\/logo\/image\/\"},\"sameAs\":[\"https:\/\/www.facebook.com\/AlternativeZug\",\"https:\/\/x.com\/AlternativeZG\"]},{\"@type\":\"Person\",\"@id\":\"https:\/\/gruene-zug.ch\/unteraegeri\/#\/schema\/person\/30a6a82a7cfdbe98f2dde252cc25842b\",\"name\":\"beatryser\",\"image\":{\"@type\":\"ImageObject\",\"inLanguage\":\"de\",\"@id\":\"https:\/\/gruene-zug.ch\/unteraegeri\/#\/schema\/person\/image\/\",\"url\":\"https:\/\/secure.gravatar.com\/avatar\/de26d84f8ebacb6fa5abe369ce6bf9e8a72f221b0585358919dabb850e81ea0d?s=96&d=mm&r=g\",\"contentUrl\":\"https:\/\/secure.gravatar.com\/avatar\/de26d84f8ebacb6fa5abe369ce6bf9e8a72f221b0585358919dabb850e81ea0d?s=96&d=mm&r=g\",\"caption\":\"beatryser\"}}]}<\/script>\n<!-- \/ Yoast SEO plugin. -->","yoast_head_json":{"title":"Gemeindeversammlung (Landsgemeinde) Unter\u00e4geri vom 16. Juni 2024 - Die Alternative - Gr\u00fcne Unter\u00e4geri","description":"Am Sonntag, 16. Juni 2024 ist die Gemeindeversammlung eine Landsgemeinde (stehen statt sitzen und draussen statt drinnen). Sie beginnt um 10.30 h. - Wir feiern ausserdem 150 Jahre Zuger Gemeinden.","robots":{"index":"index","follow":"follow","max-snippet":"max-snippet:-1","max-image-preview":"max-image-preview:large","max-video-preview":"max-video-preview:-1"},"canonical":"https:\/\/gruene-zug.ch\/unteraegeri\/blog\/aktuelles\/gemeindeversammlung-landsgemeinde-unteraegeri-vom-16-juni-2024-um-10-30-h-auf-dem-dorfplatz","og_locale":"de_DE","og_type":"article","og_title":"Gemeindeversammlung (Landsgemeinde) Unter\u00e4geri vom 16. Juni 2024 - Die Alternative - Gr\u00fcne Unter\u00e4geri","og_description":"Am Sonntag, 16. Juni 2024 ist die Gemeindeversammlung eine Landsgemeinde (stehen statt sitzen und draussen statt drinnen). Sie beginnt um \u2026","og_url":"https:\/\/gruene-zug.ch\/unteraegeri\/blog\/aktuelles\/gemeindeversammlung-landsgemeinde-unteraegeri-vom-16-juni-2024-um-10-30-h-auf-dem-dorfplatz","og_site_name":"Die Alternative - Gr\u00fcne Unter\u00e4geri","article_publisher":"https:\/\/www.facebook.com\/AlternativeZug","article_published_time":"2024-06-14T13:38:33+00:00","article_modified_time":"2024-06-14T13:46:04+00:00","og_image":[{"width":1200,"height":630,"url":"https:\/\/gruene-zug.ch\/unteraegeri\/wp-content\/uploads\/sites\/11\/2024\/06\/Gemeindeversammlung-Unteraegeri-1200x630-c-center.jpg","type":"image\/png"}],"author":"beatryser","twitter_card":"summary_large_image","twitter_creator":"@AlternativeZG","twitter_site":"@AlternativeZG","twitter_misc":{"Verfasst von":"beatryser","Gesch\u00e4tzte Lesezeit":"2\u00a0Minuten"},"schema":{"@context":"https:\/\/schema.org","@graph":[{"@type":"Article","@id":"https:\/\/gruene-zug.ch\/unteraegeri\/blog\/aktuelles\/gemeindeversammlung-landsgemeinde-unteraegeri-vom-16-juni-2024-um-10-30-h-auf-dem-dorfplatz#article","isPartOf":{"@id":"https:\/\/gruene-zug.ch\/unteraegeri\/blog\/aktuelles\/gemeindeversammlung-landsgemeinde-unteraegeri-vom-16-juni-2024-um-10-30-h-auf-dem-dorfplatz"},"author":{"name":"beatryser","@id":"https:\/\/gruene-zug.ch\/unteraegeri\/#\/schema\/person\/30a6a82a7cfdbe98f2dde252cc25842b"},"headline":"Gemeindeversammlung (Landsgemeinde) Unter\u00e4geri vom 16. Juni 2024","datePublished":"2024-06-14T13:38:33+00:00","dateModified":"2024-06-14T13:46:04+00:00","mainEntityOfPage":{"@id":"https:\/\/gruene-zug.ch\/unteraegeri\/blog\/aktuelles\/gemeindeversammlung-landsgemeinde-unteraegeri-vom-16-juni-2024-um-10-30-h-auf-dem-dorfplatz"},"wordCount":6,"publisher":{"@id":"https:\/\/gruene-zug.ch\/unteraegeri\/#organization"},"image":{"@id":"https:\/\/gruene-zug.ch\/unteraegeri\/blog\/aktuelles\/gemeindeversammlung-landsgemeinde-unteraegeri-vom-16-juni-2024-um-10-30-h-auf-dem-dorfplatz#primaryimage"},"thumbnailUrl":"https:\/\/gruene-zug.ch\/unteraegeri\/wp-content\/uploads\/sites\/11\/2024\/06\/Gemeindeversammlung-Unteraegeri-2560x0-c-default.png","articleSection":["Aktuelles"],"inLanguage":"de"},{"@type":"WebPage","@id":"https:\/\/gruene-zug.ch\/unteraegeri\/blog\/aktuelles\/gemeindeversammlung-landsgemeinde-unteraegeri-vom-16-juni-2024-um-10-30-h-auf-dem-dorfplatz","url":"https:\/\/gruene-zug.ch\/unteraegeri\/blog\/aktuelles\/gemeindeversammlung-landsgemeinde-unteraegeri-vom-16-juni-2024-um-10-30-h-auf-dem-dorfplatz","name":"Gemeindeversammlung (Landsgemeinde) Unter\u00e4geri vom 16. Juni 2024 - Die Alternative - Gr\u00fcne Unter\u00e4geri","isPartOf":{"@id":"https:\/\/gruene-zug.ch\/unteraegeri\/#website"},"primaryImageOfPage":{"@id":"https:\/\/gruene-zug.ch\/unteraegeri\/blog\/aktuelles\/gemeindeversammlung-landsgemeinde-unteraegeri-vom-16-juni-2024-um-10-30-h-auf-dem-dorfplatz#primaryimage"},"image":{"@id":"https:\/\/gruene-zug.ch\/unteraegeri\/blog\/aktuelles\/gemeindeversammlung-landsgemeinde-unteraegeri-vom-16-juni-2024-um-10-30-h-auf-dem-dorfplatz#primaryimage"},"thumbnailUrl":"https:\/\/gruene-zug.ch\/unteraegeri\/wp-content\/uploads\/sites\/11\/2024\/06\/Gemeindeversammlung-Unteraegeri-2560x0-c-default.png","datePublished":"2024-06-14T13:38:33+00:00","dateModified":"2024-06-14T13:46:04+00:00","description":"Am Sonntag, 16. Juni 2024 ist die Gemeindeversammlung eine Landsgemeinde (stehen statt sitzen und draussen statt drinnen). Sie beginnt um 10.30 h. - Wir feiern ausserdem 150 Jahre Zuger Gemeinden.","breadcrumb":{"@id":"https:\/\/gruene-zug.ch\/unteraegeri\/blog\/aktuelles\/gemeindeversammlung-landsgemeinde-unteraegeri-vom-16-juni-2024-um-10-30-h-auf-dem-dorfplatz#breadcrumb"},"inLanguage":"de","potentialAction":[{"@type":"ReadAction","target":["https:\/\/gruene-zug.ch\/unteraegeri\/blog\/aktuelles\/gemeindeversammlung-landsgemeinde-unteraegeri-vom-16-juni-2024-um-10-30-h-auf-dem-dorfplatz"]}]},{"@type":"ImageObject","inLanguage":"de","@id":"https:\/\/gruene-zug.ch\/unteraegeri\/blog\/aktuelles\/gemeindeversammlung-landsgemeinde-unteraegeri-vom-16-juni-2024-um-10-30-h-auf-dem-dorfplatz#primaryimage","url":"https:\/\/gruene-zug.ch\/unteraegeri\/wp-content\/uploads\/sites\/11\/2024\/06\/Gemeindeversammlung-Unteraegeri-2560x0-c-default.png","contentUrl":"https:\/\/gruene-zug.ch\/unteraegeri\/wp-content\/uploads\/sites\/11\/2024\/06\/Gemeindeversammlung-Unteraegeri-2560x0-c-default.png","width":1081,"height":681,"caption":"Gemeindeversammlung Unter\u00e4geri"},{"@type":"BreadcrumbList","@id":"https:\/\/gruene-zug.ch\/unteraegeri\/blog\/aktuelles\/gemeindeversammlung-landsgemeinde-unteraegeri-vom-16-juni-2024-um-10-30-h-auf-dem-dorfplatz#breadcrumb","itemListElement":[{"@type":"ListItem","position":1,"name":"Startseite","item":"https:\/\/gruene-zug.ch\/unteraegeri\/"},{"@type":"ListItem","position":2,"name":"Aktuelles","item":"https:\/\/gruene-zug.ch\/unteraegeri\/blog\/category\/aktuelles#menu-item-446"},{"@type":"ListItem","position":3,"name":"Gemeindeversammlung (Landsgemeinde) Unter\u00e4geri vom 16. Juni 2024"}]},{"@type":"WebSite","@id":"https:\/\/gruene-zug.ch\/unteraegeri\/#website","url":"https:\/\/gruene-zug.ch\/unteraegeri\/","name":"Die Alternative - Gr\u00fcne Unter\u00e4geri","description":"Die Alternative \u2013 Gr\u00fcne Unter\u00e4geri","publisher":{"@id":"https:\/\/gruene-zug.ch\/unteraegeri\/#organization"},"potentialAction":[{"@type":"SearchAction","target":{"@type":"EntryPoint","urlTemplate":"https:\/\/gruene-zug.ch\/unteraegeri\/?s={search_term_string}"},"query-input":{"@type":"PropertyValueSpecification","valueRequired":true,"valueName":"search_term_string"}}],"inLanguage":"de"},{"@type":"Organization","@id":"https:\/\/gruene-zug.ch\/unteraegeri\/#organization","name":"Die Alternative - Gr\u00fcne Unter\u00e4geri","url":"https:\/\/gruene-zug.ch\/unteraegeri\/","logo":{"@type":"ImageObject","inLanguage":"de","@id":"https:\/\/gruene-zug.ch\/unteraegeri\/#\/schema\/logo\/image\/","url":"https:\/\/gruene-zug.ch\/unteraegeri\/wp-content\/uploads\/sites\/11\/2022\/11\/alternative-dark.svg","contentUrl":"https:\/\/gruene-zug.ch\/unteraegeri\/wp-content\/uploads\/sites\/11\/2022\/11\/alternative-dark.svg","width":1200,"height":320,"caption":"Die Alternative - Gr\u00fcne Unter\u00e4geri"},"image":{"@id":"https:\/\/gruene-zug.ch\/unteraegeri\/#\/schema\/logo\/image\/"},"sameAs":["https:\/\/www.facebook.com\/AlternativeZug","https:\/\/x.com\/AlternativeZG"]},{"@type":"Person","@id":"https:\/\/gruene-zug.ch\/unteraegeri\/#\/schema\/person\/30a6a82a7cfdbe98f2dde252cc25842b","name":"beatryser","image":{"@type":"ImageObject","inLanguage":"de","@id":"https:\/\/gruene-zug.ch\/unteraegeri\/#\/schema\/person\/image\/","url":"https:\/\/secure.gravatar.com\/avatar\/de26d84f8ebacb6fa5abe369ce6bf9e8a72f221b0585358919dabb850e81ea0d?s=96&d=mm&r=g","contentUrl":"https:\/\/secure.gravatar.com\/avatar\/de26d84f8ebacb6fa5abe369ce6bf9e8a72f221b0585358919dabb850e81ea0d?s=96&d=mm&r=g","caption":"beatryser"}}]}},"_links":{"self":[{"href":"https:\/\/gruene-zug.ch\/unteraegeri\/wp-json\/wp\/v2\/posts\/483","targetHints":{"allow":["GET"]}}],"collection":[{"href":"https:\/\/gruene-zug.ch\/unteraegeri\/wp-json\/wp\/v2\/posts"}],"about":[{"href":"https:\/\/gruene-zug.ch\/unteraegeri\/wp-json\/wp\/v2\/types\/post"}],"author":[{"embeddable":true,"href":"https:\/\/gruene-zug.ch\/unteraegeri\/wp-json\/wp\/v2\/users\/23"}],"replies":[{"embeddable":true,"href":"https:\/\/gruene-zug.ch\/unteraegeri\/wp-json\/wp\/v2\/comments?post=483"}],"version-history":[{"count":5,"href":"https:\/\/gruene-zug.ch\/unteraegeri\/wp-json\/wp\/v2\/posts\/483\/revisions"}],"predecessor-version":[{"id":490,"href":"https:\/\/gruene-zug.ch\/unteraegeri\/wp-json\/wp\/v2\/posts\/483\/revisions\/490"}],"wp:featuredmedia":[{"embeddable":true,"href":"https:\/\/gruene-zug.ch\/unteraegeri\/wp-json\/wp\/v2\/media\/489"}],"wp:attachment":[{"href":"https:\/\/gruene-zug.ch\/unteraegeri\/wp-json\/wp\/v2\/media?parent=483"}],"wp:term":[{"taxonomy":"category","embeddable":true,"href":"https:\/\/gruene-zug.ch\/unteraegeri\/wp-json\/wp\/v2\/categories?post=483"},{"taxonomy":"post_tag","embeddable":true,"href":"https:\/\/gruene-zug.ch\/unteraegeri\/wp-json\/wp\/v2\/tags?post=483"}],"curies":[{"name":"wp","href":"https:\/\/api.w.org\/{rel}","templated":true}]}}