{"id":571,"date":"2025-03-11T10:50:58","date_gmt":"2025-03-11T09:50:58","guid":{"rendered":"https:\/\/gruene-zug.ch\/unteraegeri\/?p=571"},"modified":"2025-03-11T11:14:35","modified_gmt":"2025-03-11T10:14:35","slug":"natur-im-gaerten-wettbewerb-und-termine-2025","status":"publish","type":"post","link":"https:\/\/gruene-zug.ch\/unteraegeri\/blog\/aktuelles\/natur-im-gaerten-wettbewerb-und-termine-2025","title":{"rendered":"Natur in G\u00e4rten Wettbewerb und Termine 2025"},"content":{"rendered":"","protected":false},"excerpt":{"rendered":"","protected":false},"author":23,"featured_media":582,"comment_status":"closed","ping_status":"closed","sticky":false,"template":"","format":"standard","meta":{"_acf_changed":false,"inline_featured_image":false,"footnotes":""},"categories":[1],"tags":[],"class_list":["post-571","post","type-post","status-publish","format-standard","has-post-thumbnail","hentry","category-aktuelles"],"acf":[],"yoast_head":"<!-- This site is optimized with the Yoast SEO plugin v26.9 - https:\/\/yoast.com\/product\/yoast-seo-wordpress\/ -->\n<title>Natur in G\u00e4rten Wettbewerb und Termine 2025 - Die Alternative - Gr\u00fcne Unter\u00e4geri<\/title>\n<meta name=\"description\" content=\"In diesem Jahr k\u00f6nnen alle Personen, die in Unter\u00e4geri einen Garten, einen Balkon oder eine Terrasse haben, an einem Wettbewerb mitmachen. Im Rahmen des Wettbewerbes finden verschiedene Veranstaltungen statt.\" \/>\n<meta name=\"robots\" content=\"index, follow, max-snippet:-1, max-image-preview:large, max-video-preview:-1\" \/>\n<link rel=\"canonical\" href=\"https:\/\/gruene-zug.ch\/unteraegeri\/blog\/aktuelles\/natur-im-gaerten-wettbewerb-und-termine-2025\" \/>\n<meta property=\"og:locale\" content=\"de_DE\" \/>\n<meta property=\"og:type\" content=\"article\" \/>\n<meta property=\"og:title\" content=\"Natur in G\u00e4rten Wettbewerb und Termine 2025 - Die Alternative - Gr\u00fcne Unter\u00e4geri\" \/>\n<meta property=\"og:description\" content=\"In diesem Jahr k\u00f6nnen alle Personen, die in Unter\u00e4geri einen Garten, einen Balkon oder eine Terrasse haben, an einem Wettbewerb \u2026\" \/>\n<meta property=\"og:url\" content=\"https:\/\/gruene-zug.ch\/unteraegeri\/blog\/aktuelles\/natur-im-gaerten-wettbewerb-und-termine-2025\" \/>\n<meta property=\"og:site_name\" content=\"Die Alternative - Gr\u00fcne Unter\u00e4geri\" \/>\n<meta property=\"article:publisher\" content=\"https:\/\/www.facebook.com\/AlternativeZug\" \/>\n<meta property=\"article:published_time\" content=\"2025-03-11T09:50:58+00:00\" \/>\n<meta property=\"article:modified_time\" content=\"2025-03-11T10:14:35+00:00\" \/>\n<meta property=\"og:image\" content=\"https:\/\/gruene-zug.ch\/unteraegeri\/wp-content\/uploads\/sites\/11\/2025\/03\/xcb-1200x630-c-center.jpg\" \/>\n\t<meta property=\"og:image:width\" content=\"1200\" \/>\n\t<meta property=\"og:image:height\" content=\"630\" \/>\n\t<meta property=\"og:image:type\" content=\"image\/jpeg\" \/>\n<meta name=\"author\" content=\"beatryser\" \/>\n<meta name=\"twitter:card\" content=\"summary_large_image\" \/>\n<meta name=\"twitter:creator\" content=\"@AlternativeZG\" \/>\n<meta name=\"twitter:site\" content=\"@AlternativeZG\" \/>\n<meta name=\"twitter:label1\" content=\"Verfasst von\" \/>\n\t<meta name=\"twitter:data1\" content=\"beatryser\" \/>\n\t<meta name=\"twitter:label2\" content=\"Gesch\u00e4tzte Lesezeit\" \/>\n\t<meta name=\"twitter:data2\" content=\"1\u00a0Minute\" \/>\n<script type=\"application\/ld+json\" class=\"yoast-schema-graph\">{\"@context\":\"https:\/\/schema.org\",\"@graph\":[{\"@type\":\"Article\",\"@id\":\"https:\/\/gruene-zug.ch\/unteraegeri\/blog\/aktuelles\/natur-im-gaerten-wettbewerb-und-termine-2025#article\",\"isPartOf\":{\"@id\":\"https:\/\/gruene-zug.ch\/unteraegeri\/blog\/aktuelles\/natur-im-gaerten-wettbewerb-und-termine-2025\"},\"author\":{\"name\":\"beatryser\",\"@id\":\"https:\/\/gruene-zug.ch\/unteraegeri\/#\/schema\/person\/30a6a82a7cfdbe98f2dde252cc25842b\"},\"headline\":\"Natur in G\u00e4rten Wettbewerb und Termine 2025\",\"datePublished\":\"2025-03-11T09:50:58+00:00\",\"dateModified\":\"2025-03-11T10:14:35+00:00\",\"mainEntityOfPage\":{\"@id\":\"https:\/\/gruene-zug.ch\/unteraegeri\/blog\/aktuelles\/natur-im-gaerten-wettbewerb-und-termine-2025\"},\"wordCount\":7,\"publisher\":{\"@id\":\"https:\/\/gruene-zug.ch\/unteraegeri\/#organization\"},\"image\":{\"@id\":\"https:\/\/gruene-zug.ch\/unteraegeri\/blog\/aktuelles\/natur-im-gaerten-wettbewerb-und-termine-2025#primaryimage\"},\"thumbnailUrl\":\"https:\/\/gruene-zug.ch\/unteraegeri\/wp-content\/uploads\/sites\/11\/2025\/03\/xcb-2560x0-c-default.jpg\",\"articleSection\":[\"Aktuelles\"],\"inLanguage\":\"de\"},{\"@type\":\"WebPage\",\"@id\":\"https:\/\/gruene-zug.ch\/unteraegeri\/blog\/aktuelles\/natur-im-gaerten-wettbewerb-und-termine-2025\",\"url\":\"https:\/\/gruene-zug.ch\/unteraegeri\/blog\/aktuelles\/natur-im-gaerten-wettbewerb-und-termine-2025\",\"name\":\"Natur in G\u00e4rten Wettbewerb und Termine 2025 - Die Alternative - Gr\u00fcne Unter\u00e4geri\",\"isPartOf\":{\"@id\":\"https:\/\/gruene-zug.ch\/unteraegeri\/#website\"},\"primaryImageOfPage\":{\"@id\":\"https:\/\/gruene-zug.ch\/unteraegeri\/blog\/aktuelles\/natur-im-gaerten-wettbewerb-und-termine-2025#primaryimage\"},\"image\":{\"@id\":\"https:\/\/gruene-zug.ch\/unteraegeri\/blog\/aktuelles\/natur-im-gaerten-wettbewerb-und-termine-2025#primaryimage\"},\"thumbnailUrl\":\"https:\/\/gruene-zug.ch\/unteraegeri\/wp-content\/uploads\/sites\/11\/2025\/03\/xcb-2560x0-c-default.jpg\",\"datePublished\":\"2025-03-11T09:50:58+00:00\",\"dateModified\":\"2025-03-11T10:14:35+00:00\",\"description\":\"In diesem Jahr k\u00f6nnen alle Personen, die in Unter\u00e4geri einen Garten, einen Balkon oder eine Terrasse haben, an einem Wettbewerb mitmachen. Im Rahmen des Wettbewerbes finden verschiedene Veranstaltungen statt.\",\"breadcrumb\":{\"@id\":\"https:\/\/gruene-zug.ch\/unteraegeri\/blog\/aktuelles\/natur-im-gaerten-wettbewerb-und-termine-2025#breadcrumb\"},\"inLanguage\":\"de\",\"potentialAction\":[{\"@type\":\"ReadAction\",\"target\":[\"https:\/\/gruene-zug.ch\/unteraegeri\/blog\/aktuelles\/natur-im-gaerten-wettbewerb-und-termine-2025\"]}]},{\"@type\":\"ImageObject\",\"inLanguage\":\"de\",\"@id\":\"https:\/\/gruene-zug.ch\/unteraegeri\/blog\/aktuelles\/natur-im-gaerten-wettbewerb-und-termine-2025#primaryimage\",\"url\":\"https:\/\/gruene-zug.ch\/unteraegeri\/wp-content\/uploads\/sites\/11\/2025\/03\/xcb-2560x0-c-default.jpg\",\"contentUrl\":\"https:\/\/gruene-zug.ch\/unteraegeri\/wp-content\/uploads\/sites\/11\/2025\/03\/xcb-2560x0-c-default.jpg\",\"width\":425,\"height\":178},{\"@type\":\"BreadcrumbList\",\"@id\":\"https:\/\/gruene-zug.ch\/unteraegeri\/blog\/aktuelles\/natur-im-gaerten-wettbewerb-und-termine-2025#breadcrumb\",\"itemListElement\":[{\"@type\":\"ListItem\",\"position\":1,\"name\":\"Startseite\",\"item\":\"https:\/\/gruene-zug.ch\/unteraegeri\/\"},{\"@type\":\"ListItem\",\"position\":2,\"name\":\"Aktuelles\",\"item\":\"https:\/\/gruene-zug.ch\/unteraegeri\/blog\/category\/aktuelles#menu-item-446\"},{\"@type\":\"ListItem\",\"position\":3,\"name\":\"Natur in G\u00e4rten Wettbewerb und Termine 2025\"}]},{\"@type\":\"WebSite\",\"@id\":\"https:\/\/gruene-zug.ch\/unteraegeri\/#website\",\"url\":\"https:\/\/gruene-zug.ch\/unteraegeri\/\",\"name\":\"Die Alternative - Gr\u00fcne Unter\u00e4geri\",\"description\":\"Die Alternative \u2013 Gr\u00fcne Unter\u00e4geri\",\"publisher\":{\"@id\":\"https:\/\/gruene-zug.ch\/unteraegeri\/#organization\"},\"potentialAction\":[{\"@type\":\"SearchAction\",\"target\":{\"@type\":\"EntryPoint\",\"urlTemplate\":\"https:\/\/gruene-zug.ch\/unteraegeri\/?s={search_term_string}\"},\"query-input\":{\"@type\":\"PropertyValueSpecification\",\"valueRequired\":true,\"valueName\":\"search_term_string\"}}],\"inLanguage\":\"de\"},{\"@type\":\"Organization\",\"@id\":\"https:\/\/gruene-zug.ch\/unteraegeri\/#organization\",\"name\":\"Die Alternative - Gr\u00fcne Unter\u00e4geri\",\"url\":\"https:\/\/gruene-zug.ch\/unteraegeri\/\",\"logo\":{\"@type\":\"ImageObject\",\"inLanguage\":\"de\",\"@id\":\"https:\/\/gruene-zug.ch\/unteraegeri\/#\/schema\/logo\/image\/\",\"url\":\"https:\/\/gruene-zug.ch\/unteraegeri\/wp-content\/uploads\/sites\/11\/2022\/11\/alternative-dark.svg\",\"contentUrl\":\"https:\/\/gruene-zug.ch\/unteraegeri\/wp-content\/uploads\/sites\/11\/2022\/11\/alternative-dark.svg\",\"width\":1200,\"height\":320,\"caption\":\"Die Alternative - Gr\u00fcne Unter\u00e4geri\"},\"image\":{\"@id\":\"https:\/\/gruene-zug.ch\/unteraegeri\/#\/schema\/logo\/image\/\"},\"sameAs\":[\"https:\/\/www.facebook.com\/AlternativeZug\",\"https:\/\/x.com\/AlternativeZG\"]},{\"@type\":\"Person\",\"@id\":\"https:\/\/gruene-zug.ch\/unteraegeri\/#\/schema\/person\/30a6a82a7cfdbe98f2dde252cc25842b\",\"name\":\"beatryser\",\"image\":{\"@type\":\"ImageObject\",\"inLanguage\":\"de\",\"@id\":\"https:\/\/gruene-zug.ch\/unteraegeri\/#\/schema\/person\/image\/\",\"url\":\"https:\/\/secure.gravatar.com\/avatar\/de26d84f8ebacb6fa5abe369ce6bf9e8a72f221b0585358919dabb850e81ea0d?s=96&d=mm&r=g\",\"contentUrl\":\"https:\/\/secure.gravatar.com\/avatar\/de26d84f8ebacb6fa5abe369ce6bf9e8a72f221b0585358919dabb850e81ea0d?s=96&d=mm&r=g\",\"caption\":\"beatryser\"}}]}<\/script>\n<!-- \/ Yoast SEO plugin. -->","yoast_head_json":{"title":"Natur in G\u00e4rten Wettbewerb und Termine 2025 - Die Alternative - Gr\u00fcne Unter\u00e4geri","description":"In diesem Jahr k\u00f6nnen alle Personen, die in Unter\u00e4geri einen Garten, einen Balkon oder eine Terrasse haben, an einem Wettbewerb mitmachen. Im Rahmen des Wettbewerbes finden verschiedene Veranstaltungen statt.","robots":{"index":"index","follow":"follow","max-snippet":"max-snippet:-1","max-image-preview":"max-image-preview:large","max-video-preview":"max-video-preview:-1"},"canonical":"https:\/\/gruene-zug.ch\/unteraegeri\/blog\/aktuelles\/natur-im-gaerten-wettbewerb-und-termine-2025","og_locale":"de_DE","og_type":"article","og_title":"Natur in G\u00e4rten Wettbewerb und Termine 2025 - Die Alternative - Gr\u00fcne Unter\u00e4geri","og_description":"In diesem Jahr k\u00f6nnen alle Personen, die in Unter\u00e4geri einen Garten, einen Balkon oder eine Terrasse haben, an einem Wettbewerb \u2026","og_url":"https:\/\/gruene-zug.ch\/unteraegeri\/blog\/aktuelles\/natur-im-gaerten-wettbewerb-und-termine-2025","og_site_name":"Die Alternative - Gr\u00fcne Unter\u00e4geri","article_publisher":"https:\/\/www.facebook.com\/AlternativeZug","article_published_time":"2025-03-11T09:50:58+00:00","article_modified_time":"2025-03-11T10:14:35+00:00","og_image":[{"width":1200,"height":630,"url":"https:\/\/gruene-zug.ch\/unteraegeri\/wp-content\/uploads\/sites\/11\/2025\/03\/xcb-1200x630-c-center.jpg","type":"image\/jpeg"}],"author":"beatryser","twitter_card":"summary_large_image","twitter_creator":"@AlternativeZG","twitter_site":"@AlternativeZG","twitter_misc":{"Verfasst von":"beatryser","Gesch\u00e4tzte Lesezeit":"1\u00a0Minute"},"schema":{"@context":"https:\/\/schema.org","@graph":[{"@type":"Article","@id":"https:\/\/gruene-zug.ch\/unteraegeri\/blog\/aktuelles\/natur-im-gaerten-wettbewerb-und-termine-2025#article","isPartOf":{"@id":"https:\/\/gruene-zug.ch\/unteraegeri\/blog\/aktuelles\/natur-im-gaerten-wettbewerb-und-termine-2025"},"author":{"name":"beatryser","@id":"https:\/\/gruene-zug.ch\/unteraegeri\/#\/schema\/person\/30a6a82a7cfdbe98f2dde252cc25842b"},"headline":"Natur in G\u00e4rten Wettbewerb und Termine 2025","datePublished":"2025-03-11T09:50:58+00:00","dateModified":"2025-03-11T10:14:35+00:00","mainEntityOfPage":{"@id":"https:\/\/gruene-zug.ch\/unteraegeri\/blog\/aktuelles\/natur-im-gaerten-wettbewerb-und-termine-2025"},"wordCount":7,"publisher":{"@id":"https:\/\/gruene-zug.ch\/unteraegeri\/#organization"},"image":{"@id":"https:\/\/gruene-zug.ch\/unteraegeri\/blog\/aktuelles\/natur-im-gaerten-wettbewerb-und-termine-2025#primaryimage"},"thumbnailUrl":"https:\/\/gruene-zug.ch\/unteraegeri\/wp-content\/uploads\/sites\/11\/2025\/03\/xcb-2560x0-c-default.jpg","articleSection":["Aktuelles"],"inLanguage":"de"},{"@type":"WebPage","@id":"https:\/\/gruene-zug.ch\/unteraegeri\/blog\/aktuelles\/natur-im-gaerten-wettbewerb-und-termine-2025","url":"https:\/\/gruene-zug.ch\/unteraegeri\/blog\/aktuelles\/natur-im-gaerten-wettbewerb-und-termine-2025","name":"Natur in G\u00e4rten Wettbewerb und Termine 2025 - Die Alternative - Gr\u00fcne Unter\u00e4geri","isPartOf":{"@id":"https:\/\/gruene-zug.ch\/unteraegeri\/#website"},"primaryImageOfPage":{"@id":"https:\/\/gruene-zug.ch\/unteraegeri\/blog\/aktuelles\/natur-im-gaerten-wettbewerb-und-termine-2025#primaryimage"},"image":{"@id":"https:\/\/gruene-zug.ch\/unteraegeri\/blog\/aktuelles\/natur-im-gaerten-wettbewerb-und-termine-2025#primaryimage"},"thumbnailUrl":"https:\/\/gruene-zug.ch\/unteraegeri\/wp-content\/uploads\/sites\/11\/2025\/03\/xcb-2560x0-c-default.jpg","datePublished":"2025-03-11T09:50:58+00:00","dateModified":"2025-03-11T10:14:35+00:00","description":"In diesem Jahr k\u00f6nnen alle Personen, die in Unter\u00e4geri einen Garten, einen Balkon oder eine Terrasse haben, an einem Wettbewerb mitmachen. Im Rahmen des Wettbewerbes finden verschiedene Veranstaltungen statt.","breadcrumb":{"@id":"https:\/\/gruene-zug.ch\/unteraegeri\/blog\/aktuelles\/natur-im-gaerten-wettbewerb-und-termine-2025#breadcrumb"},"inLanguage":"de","potentialAction":[{"@type":"ReadAction","target":["https:\/\/gruene-zug.ch\/unteraegeri\/blog\/aktuelles\/natur-im-gaerten-wettbewerb-und-termine-2025"]}]},{"@type":"ImageObject","inLanguage":"de","@id":"https:\/\/gruene-zug.ch\/unteraegeri\/blog\/aktuelles\/natur-im-gaerten-wettbewerb-und-termine-2025#primaryimage","url":"https:\/\/gruene-zug.ch\/unteraegeri\/wp-content\/uploads\/sites\/11\/2025\/03\/xcb-2560x0-c-default.jpg","contentUrl":"https:\/\/gruene-zug.ch\/unteraegeri\/wp-content\/uploads\/sites\/11\/2025\/03\/xcb-2560x0-c-default.jpg","width":425,"height":178},{"@type":"BreadcrumbList","@id":"https:\/\/gruene-zug.ch\/unteraegeri\/blog\/aktuelles\/natur-im-gaerten-wettbewerb-und-termine-2025#breadcrumb","itemListElement":[{"@type":"ListItem","position":1,"name":"Startseite","item":"https:\/\/gruene-zug.ch\/unteraegeri\/"},{"@type":"ListItem","position":2,"name":"Aktuelles","item":"https:\/\/gruene-zug.ch\/unteraegeri\/blog\/category\/aktuelles#menu-item-446"},{"@type":"ListItem","position":3,"name":"Natur in G\u00e4rten Wettbewerb und Termine 2025"}]},{"@type":"WebSite","@id":"https:\/\/gruene-zug.ch\/unteraegeri\/#website","url":"https:\/\/gruene-zug.ch\/unteraegeri\/","name":"Die Alternative - Gr\u00fcne Unter\u00e4geri","description":"Die Alternative \u2013 Gr\u00fcne Unter\u00e4geri","publisher":{"@id":"https:\/\/gruene-zug.ch\/unteraegeri\/#organization"},"potentialAction":[{"@type":"SearchAction","target":{"@type":"EntryPoint","urlTemplate":"https:\/\/gruene-zug.ch\/unteraegeri\/?s={search_term_string}"},"query-input":{"@type":"PropertyValueSpecification","valueRequired":true,"valueName":"search_term_string"}}],"inLanguage":"de"},{"@type":"Organization","@id":"https:\/\/gruene-zug.ch\/unteraegeri\/#organization","name":"Die Alternative - Gr\u00fcne Unter\u00e4geri","url":"https:\/\/gruene-zug.ch\/unteraegeri\/","logo":{"@type":"ImageObject","inLanguage":"de","@id":"https:\/\/gruene-zug.ch\/unteraegeri\/#\/schema\/logo\/image\/","url":"https:\/\/gruene-zug.ch\/unteraegeri\/wp-content\/uploads\/sites\/11\/2022\/11\/alternative-dark.svg","contentUrl":"https:\/\/gruene-zug.ch\/unteraegeri\/wp-content\/uploads\/sites\/11\/2022\/11\/alternative-dark.svg","width":1200,"height":320,"caption":"Die Alternative - Gr\u00fcne Unter\u00e4geri"},"image":{"@id":"https:\/\/gruene-zug.ch\/unteraegeri\/#\/schema\/logo\/image\/"},"sameAs":["https:\/\/www.facebook.com\/AlternativeZug","https:\/\/x.com\/AlternativeZG"]},{"@type":"Person","@id":"https:\/\/gruene-zug.ch\/unteraegeri\/#\/schema\/person\/30a6a82a7cfdbe98f2dde252cc25842b","name":"beatryser","image":{"@type":"ImageObject","inLanguage":"de","@id":"https:\/\/gruene-zug.ch\/unteraegeri\/#\/schema\/person\/image\/","url":"https:\/\/secure.gravatar.com\/avatar\/de26d84f8ebacb6fa5abe369ce6bf9e8a72f221b0585358919dabb850e81ea0d?s=96&d=mm&r=g","contentUrl":"https:\/\/secure.gravatar.com\/avatar\/de26d84f8ebacb6fa5abe369ce6bf9e8a72f221b0585358919dabb850e81ea0d?s=96&d=mm&r=g","caption":"beatryser"}}]}},"_links":{"self":[{"href":"https:\/\/gruene-zug.ch\/unteraegeri\/wp-json\/wp\/v2\/posts\/571","targetHints":{"allow":["GET"]}}],"collection":[{"href":"https:\/\/gruene-zug.ch\/unteraegeri\/wp-json\/wp\/v2\/posts"}],"about":[{"href":"https:\/\/gruene-zug.ch\/unteraegeri\/wp-json\/wp\/v2\/types\/post"}],"author":[{"embeddable":true,"href":"https:\/\/gruene-zug.ch\/unteraegeri\/wp-json\/wp\/v2\/users\/23"}],"replies":[{"embeddable":true,"href":"https:\/\/gruene-zug.ch\/unteraegeri\/wp-json\/wp\/v2\/comments?post=571"}],"version-history":[{"count":7,"href":"https:\/\/gruene-zug.ch\/unteraegeri\/wp-json\/wp\/v2\/posts\/571\/revisions"}],"predecessor-version":[{"id":583,"href":"https:\/\/gruene-zug.ch\/unteraegeri\/wp-json\/wp\/v2\/posts\/571\/revisions\/583"}],"wp:featuredmedia":[{"embeddable":true,"href":"https:\/\/gruene-zug.ch\/unteraegeri\/wp-json\/wp\/v2\/media\/582"}],"wp:attachment":[{"href":"https:\/\/gruene-zug.ch\/unteraegeri\/wp-json\/wp\/v2\/media?parent=571"}],"wp:term":[{"taxonomy":"category","embeddable":true,"href":"https:\/\/gruene-zug.ch\/unteraegeri\/wp-json\/wp\/v2\/categories?post=571"},{"taxonomy":"post_tag","embeddable":true,"href":"https:\/\/gruene-zug.ch\/unteraegeri\/wp-json\/wp\/v2\/tags?post=571"}],"curies":[{"name":"wp","href":"https:\/\/api.w.org\/{rel}","templated":true}]}}